{"@context":"https:\/\/schema.org\/","@type":"CollectionPage","@id":"https:\/\/www.ursula-poznanski.at\/auto-moto\/#CollectionPage","headline":"Auto moto Category","description":"","url":"https:\/\/www.ursula-poznanski.at\/auto-moto\/","hasPart":[{"@type":"Article","@id":"https:\/\/www.ursula-poznanski.at\/bevor-man-mit-dem-auto-ans-meer-fahrt\/","headline":"Bevor man mit dem Auto ans Meer f\u00e4hrt","url":"https:\/\/www.ursula-poznanski.at\/bevor-man-mit-dem-auto-ans-meer-fahrt\/","datePublished":"2023-06-30","dateModified":"2023-06-30","mainEntityOfPage":"https:\/\/www.ursula-poznanski.at\/bevor-man-mit-dem-auto-ans-meer-fahrt\/","author":{"@type":"Person","@id":"https:\/\/www.ursula-poznanski.at\/author\/devene\/#Person","name":"devene","url":"https:\/\/www.ursula-poznanski.at\/author\/devene\/","identifier":1,"image":{"@type":"ImageObject","@id":"https:\/\/secure.gravatar.com\/avatar\/a4970dd685f2b259fc1a5b9420420b9fa541cc58646305fbe02c59d28f86fdcb?s=96&d=mm&r=g","url":"https:\/\/secure.gravatar.com\/avatar\/a4970dd685f2b259fc1a5b9420420b9fa541cc58646305fbe02c59d28f86fdcb?s=96&d=mm&r=g","height":96,"width":96}},"publisher":{"@type":"Organization","name":"ursula-poznanski.at","logo":{"@type":"ImageObject","@id":"\/logo.png","url":"\/logo.png","width":600,"height":60}},"image":{"@type":"ImageObject","@id":"https:\/\/www.ursula-poznanski.at\/wp-content\/uploads\/mu%C5%BE%20stoj%C3%ADc%C3%AD_1.JPG","url":"https:\/\/www.ursula-poznanski.at\/wp-content\/uploads\/mu%C5%BE%20stoj%C3%ADc%C3%AD_1.JPG","height":0,"width":0},"keywords":null},{"@type":"Article","@id":"https:\/\/www.ursula-poznanski.at\/atv-mode-wie-man-sich-im-angebot-zurechtfindet\/","headline":"ATV-Mode: Wie man sich im Angebot zurechtfindet","url":"https:\/\/www.ursula-poznanski.at\/atv-mode-wie-man-sich-im-angebot-zurechtfindet\/","datePublished":"2022-12-19","dateModified":"2022-12-19","mainEntityOfPage":"https:\/\/www.ursula-poznanski.at\/atv-mode-wie-man-sich-im-angebot-zurechtfindet\/","author":{"@type":"Person","@id":"https:\/\/www.ursula-poznanski.at\/author\/devene\/#Person","name":"devene","url":"https:\/\/www.ursula-poznanski.at\/author\/devene\/","identifier":1,"image":{"@type":"ImageObject","@id":"https:\/\/secure.gravatar.com\/avatar\/a4970dd685f2b259fc1a5b9420420b9fa541cc58646305fbe02c59d28f86fdcb?s=96&d=mm&r=g","url":"https:\/\/secure.gravatar.com\/avatar\/a4970dd685f2b259fc1a5b9420420b9fa541cc58646305fbe02c59d28f86fdcb?s=96&d=mm&r=g","height":96,"width":96}},"publisher":{"@type":"Organization","name":"ursula-poznanski.at","logo":{"@type":"ImageObject","@id":"\/logo.png","url":"\/logo.png","width":600,"height":60}},"image":{"@type":"ImageObject","@id":"https:\/\/www.ursula-poznanski.at\/wp-content\/uploads\/%C4%8Dty%C5%99kolky%20v%20ter%C3%A9nu_trnXBw.jpg","url":"https:\/\/www.ursula-poznanski.at\/wp-content\/uploads\/%C4%8Dty%C5%99kolky%20v%20ter%C3%A9nu_trnXBw.jpg","height":0,"width":0},"keywords":null},{"@type":"Article","@id":"https:\/\/www.ursula-poznanski.at\/mogen-sie-gussrader-aber-nicht-alle-passen-zu-ihrem-auto\/","headline":"M\u00f6gen Sie Gussr\u00e4der? Aber nicht alle passen zu Ihrem Auto","url":"https:\/\/www.ursula-poznanski.at\/mogen-sie-gussrader-aber-nicht-alle-passen-zu-ihrem-auto\/","datePublished":"2022-10-01","dateModified":"2022-10-01","mainEntityOfPage":"https:\/\/www.ursula-poznanski.at\/mogen-sie-gussrader-aber-nicht-alle-passen-zu-ihrem-auto\/","author":{"@type":"Person","@id":"https:\/\/www.ursula-poznanski.at\/author\/devene\/#Person","name":"devene","url":"https:\/\/www.ursula-poznanski.at\/author\/devene\/","identifier":1,"image":{"@type":"ImageObject","@id":"https:\/\/secure.gravatar.com\/avatar\/a4970dd685f2b259fc1a5b9420420b9fa541cc58646305fbe02c59d28f86fdcb?s=96&d=mm&r=g","url":"https:\/\/secure.gravatar.com\/avatar\/a4970dd685f2b259fc1a5b9420420b9fa541cc58646305fbe02c59d28f86fdcb?s=96&d=mm&r=g","height":96,"width":96}},"publisher":{"@type":"Organization","name":"ursula-poznanski.at","logo":{"@type":"ImageObject","@id":"\/logo.png","url":"\/logo.png","width":600,"height":60}},"image":null,"keywords":null},{"@type":"Article","@id":"https:\/\/www.ursula-poznanski.at\/konnen-wir-auf-autos-verzichten\/","headline":"K\u00f6nnen wir auf Autos verzichten?","url":"https:\/\/www.ursula-poznanski.at\/konnen-wir-auf-autos-verzichten\/","datePublished":"2022-08-31","dateModified":"2022-08-31","mainEntityOfPage":"https:\/\/www.ursula-poznanski.at\/konnen-wir-auf-autos-verzichten\/","author":{"@type":"Person","@id":"https:\/\/www.ursula-poznanski.at\/author\/devene\/#Person","name":"devene","url":"https:\/\/www.ursula-poznanski.at\/author\/devene\/","identifier":1,"image":{"@type":"ImageObject","@id":"https:\/\/secure.gravatar.com\/avatar\/a4970dd685f2b259fc1a5b9420420b9fa541cc58646305fbe02c59d28f86fdcb?s=96&d=mm&r=g","url":"https:\/\/secure.gravatar.com\/avatar\/a4970dd685f2b259fc1a5b9420420b9fa541cc58646305fbe02c59d28f86fdcb?s=96&d=mm&r=g","height":96,"width":96}},"publisher":{"@type":"Organization","name":"ursula-poznanski.at","logo":{"@type":"ImageObject","@id":"\/logo.png","url":"\/logo.png","width":600,"height":60}},"image":{"@type":"ImageObject","@id":"https:\/\/www.ursula-poznanski.at\/wp-content\/uploads\/stare_auto_Cv1963.jpg","url":"https:\/\/www.ursula-poznanski.at\/wp-content\/uploads\/stare_auto_Cv1963.jpg","height":0,"width":0},"keywords":null},{"@type":"Article","@id":"https:\/\/www.ursula-poznanski.at\/warum-ist-der-preisunterschied-zwischen-neu-und-gebrauchtwagen-so-gross\/","headline":"Warum ist der Preisunterschied zwischen Neu- und Gebrauchtwagen so gro\u00df","url":"https:\/\/www.ursula-poznanski.at\/warum-ist-der-preisunterschied-zwischen-neu-und-gebrauchtwagen-so-gross\/","datePublished":"2022-08-25","dateModified":"2022-08-25","mainEntityOfPage":"https:\/\/www.ursula-poznanski.at\/warum-ist-der-preisunterschied-zwischen-neu-und-gebrauchtwagen-so-gross\/","author":{"@type":"Person","@id":"https:\/\/www.ursula-poznanski.at\/author\/devene\/#Person","name":"devene","url":"https:\/\/www.ursula-poznanski.at\/author\/devene\/","identifier":1,"image":{"@type":"ImageObject","@id":"https:\/\/secure.gravatar.com\/avatar\/a4970dd685f2b259fc1a5b9420420b9fa541cc58646305fbe02c59d28f86fdcb?s=96&d=mm&r=g","url":"https:\/\/secure.gravatar.com\/avatar\/a4970dd685f2b259fc1a5b9420420b9fa541cc58646305fbe02c59d28f86fdcb?s=96&d=mm&r=g","height":96,"width":96}},"publisher":{"@type":"Organization","name":"ursula-poznanski.at","logo":{"@type":"ImageObject","@id":"\/logo.png","url":"\/logo.png","width":600,"height":60}},"image":{"@type":"ImageObject","@id":"https:\/\/www.ursula-poznanski.at\/wp-content\/uploads\/auto21_7.jpg","url":"https:\/\/www.ursula-poznanski.at\/wp-content\/uploads\/auto21_7.jpg","height":0,"width":0},"keywords":null},{"@type":"Article","@id":"https:\/\/www.ursula-poznanski.at\/elektroroller-eine-effiziente-losung-fur-den-planeten\/","headline":"Elektroroller &#8211; eine effiziente L\u00f6sung f\u00fcr den Planeten","url":"https:\/\/www.ursula-poznanski.at\/elektroroller-eine-effiziente-losung-fur-den-planeten\/","datePublished":"2022-08-18","dateModified":"2022-08-18","mainEntityOfPage":"https:\/\/www.ursula-poznanski.at\/elektroroller-eine-effiziente-losung-fur-den-planeten\/","author":{"@type":"Person","@id":"https:\/\/www.ursula-poznanski.at\/author\/devene\/#Person","name":"devene","url":"https:\/\/www.ursula-poznanski.at\/author\/devene\/","identifier":1,"image":{"@type":"ImageObject","@id":"https:\/\/secure.gravatar.com\/avatar\/a4970dd685f2b259fc1a5b9420420b9fa541cc58646305fbe02c59d28f86fdcb?s=96&d=mm&r=g","url":"https:\/\/secure.gravatar.com\/avatar\/a4970dd685f2b259fc1a5b9420420b9fa541cc58646305fbe02c59d28f86fdcb?s=96&d=mm&r=g","height":96,"width":96}},"publisher":{"@type":"Organization","name":"ursula-poznanski.at","logo":{"@type":"ImageObject","@id":"\/logo.png","url":"\/logo.png","width":600,"height":60}},"image":{"@type":"ImageObject","@id":"https:\/\/www.ursula-poznanski.at\/wp-content\/uploads\/elektrick%C3%BD%20sk%C3%BAtr_HRpM5q.jpg","url":"https:\/\/www.ursula-poznanski.at\/wp-content\/uploads\/elektrick%C3%BD%20sk%C3%BAtr_HRpM5q.jpg","height":0,"width":0},"keywords":null},{"@type":"Article","@id":"https:\/\/www.ursula-poznanski.at\/erstes-fahrrad\/","headline":"Erstes Fahrrad","url":"https:\/\/www.ursula-poznanski.at\/erstes-fahrrad\/","datePublished":"2022-05-29","dateModified":"2022-05-29","mainEntityOfPage":"https:\/\/www.ursula-poznanski.at\/erstes-fahrrad\/","author":{"@type":"Person","@id":"https:\/\/www.ursula-poznanski.at\/author\/devene\/#Person","name":"devene","url":"https:\/\/www.ursula-poznanski.at\/author\/devene\/","identifier":1,"image":{"@type":"ImageObject","@id":"https:\/\/secure.gravatar.com\/avatar\/a4970dd685f2b259fc1a5b9420420b9fa541cc58646305fbe02c59d28f86fdcb?s=96&d=mm&r=g","url":"https:\/\/secure.gravatar.com\/avatar\/a4970dd685f2b259fc1a5b9420420b9fa541cc58646305fbe02c59d28f86fdcb?s=96&d=mm&r=g","height":96,"width":96}},"publisher":{"@type":"Organization","name":"ursula-poznanski.at","logo":{"@type":"ImageObject","@id":"\/logo.png","url":"\/logo.png","width":600,"height":60}},"image":{"@type":"ImageObject","@id":"https:\/\/www.ursula-poznanski.at\/wp-content\/uploads\/modern%C3%AD%20motorka_VQmGc1.jpg","url":"https:\/\/www.ursula-poznanski.at\/wp-content\/uploads\/modern%C3%AD%20motorka_VQmGc1.jpg","height":0,"width":0},"keywords":null},{"@type":"Article","@id":"https:\/\/www.ursula-poznanski.at\/die-meisten-manner-sammeln-punkte-fur-geschwindigkeitsubertretungen\/","headline":"Die meisten M\u00e4nner sammeln Punkte f\u00fcr Geschwindigkeits\u00fcbertretungen","url":"https:\/\/www.ursula-poznanski.at\/die-meisten-manner-sammeln-punkte-fur-geschwindigkeitsubertretungen\/","datePublished":"2022-04-13","dateModified":"2022-04-13","mainEntityOfPage":"https:\/\/www.ursula-poznanski.at\/die-meisten-manner-sammeln-punkte-fur-geschwindigkeitsubertretungen\/","author":{"@type":"Person","@id":"https:\/\/www.ursula-poznanski.at\/author\/devene\/#Person","name":"devene","url":"https:\/\/www.ursula-poznanski.at\/author\/devene\/","identifier":1,"image":{"@type":"ImageObject","@id":"https:\/\/secure.gravatar.com\/avatar\/a4970dd685f2b259fc1a5b9420420b9fa541cc58646305fbe02c59d28f86fdcb?s=96&d=mm&r=g","url":"https:\/\/secure.gravatar.com\/avatar\/a4970dd685f2b259fc1a5b9420420b9fa541cc58646305fbe02c59d28f86fdcb?s=96&d=mm&r=g","height":96,"width":96}},"publisher":{"@type":"Organization","name":"ursula-poznanski.at","logo":{"@type":"ImageObject","@id":"\/logo.png","url":"\/logo.png","width":600,"height":60}},"image":{"@type":"ImageObject","@id":"https:\/\/www.ursula-poznanski.at\/wp-content\/uploads\/img_a336821_w2800_t1550087578.jpg","url":"https:\/\/www.ursula-poznanski.at\/wp-content\/uploads\/img_a336821_w2800_t1550087578.jpg","height":0,"width":0},"keywords":null},{"@type":"Article","@id":"https:\/\/www.ursula-poznanski.at\/bmw-m\/","headline":"BMW M","url":"https:\/\/www.ursula-poznanski.at\/bmw-m\/","datePublished":"2022-03-11","dateModified":"2022-03-11","mainEntityOfPage":"https:\/\/www.ursula-poznanski.at\/bmw-m\/","author":{"@type":"Person","@id":"https:\/\/www.ursula-poznanski.at\/author\/devene\/#Person","name":"devene","url":"https:\/\/www.ursula-poznanski.at\/author\/devene\/","identifier":1,"image":{"@type":"ImageObject","@id":"https:\/\/secure.gravatar.com\/avatar\/a4970dd685f2b259fc1a5b9420420b9fa541cc58646305fbe02c59d28f86fdcb?s=96&d=mm&r=g","url":"https:\/\/secure.gravatar.com\/avatar\/a4970dd685f2b259fc1a5b9420420b9fa541cc58646305fbe02c59d28f86fdcb?s=96&d=mm&r=g","height":96,"width":96}},"publisher":{"@type":"Organization","name":"ursula-poznanski.at","logo":{"@type":"ImageObject","@id":"\/logo.png","url":"\/logo.png","width":600,"height":60}},"image":{"@type":"ImageObject","@id":"https:\/\/www.ursula-poznanski.at\/wp-content\/uploads\/img_a342266_w2637_t1555147742.jpg","url":"https:\/\/www.ursula-poznanski.at\/wp-content\/uploads\/img_a342266_w2637_t1555147742.jpg","height":0,"width":0},"keywords":null},{"@type":"Article","@id":"https:\/\/www.ursula-poznanski.at\/vor-und-nachteile-von-4x4-antrieben\/","headline":"Vor- und Nachteile von 4&#215;4-Antrieben","url":"https:\/\/www.ursula-poznanski.at\/vor-und-nachteile-von-4x4-antrieben\/","datePublished":"2022-01-21","dateModified":"2022-01-21","mainEntityOfPage":"https:\/\/www.ursula-poznanski.at\/vor-und-nachteile-von-4x4-antrieben\/","author":{"@type":"Person","@id":"https:\/\/www.ursula-poznanski.at\/author\/devene\/#Person","name":"devene","url":"https:\/\/www.ursula-poznanski.at\/author\/devene\/","identifier":1,"image":{"@type":"ImageObject","@id":"https:\/\/secure.gravatar.com\/avatar\/a4970dd685f2b259fc1a5b9420420b9fa541cc58646305fbe02c59d28f86fdcb?s=96&d=mm&r=g","url":"https:\/\/secure.gravatar.com\/avatar\/a4970dd685f2b259fc1a5b9420420b9fa541cc58646305fbe02c59d28f86fdcb?s=96&d=mm&r=g","height":96,"width":96}},"publisher":{"@type":"Organization","name":"ursula-poznanski.at","logo":{"@type":"ImageObject","@id":"\/logo.png","url":"\/logo.png","width":600,"height":60}},"image":{"@type":"ImageObject","@id":"https:\/\/www.ursula-poznanski.at\/wp-content\/uploads\/img_a364588_w4409_t1577289624.jpg","url":"https:\/\/www.ursula-poznanski.at\/wp-content\/uploads\/img_a364588_w4409_t1577289624.jpg","height":0,"width":0},"keywords":null}]}